{"id":22766,"date":"2018-07-02T11:22:10","date_gmt":"2018-07-02T11:22:10","guid":{"rendered":"https:\/\/alvacapital.is\/?p=22766"},"modified":"2024-11-03T22:39:02","modified_gmt":"2024-11-03T22:39:02","slug":"tveir-nyir-framkvaemdastjorar-hja-alva","status":"publish","type":"post","link":"https:\/\/alvacapital.is\/is\/tveir-nyir-framkvaemdastjorar-hja-alva\/","title":{"rendered":"Tveir n\u00fdir framkv\u00e6mdastj\u00f3rar hj\u00e1 ALVA"},"content":{"rendered":"<h1 class=\"wp-block-heading\"><strong>Tveir n\u00fdir framkv\u00e6mdastj\u00f3rar hj\u00e1 ALVA<\/strong><\/h1>\n\n\n\n<p><br>Gu\u00f0ni A\u00f0alsteinsson tekur vi\u00f0 starfi framkv\u00e6mdastj\u00f3ra fj\u00e1rm\u00e1la og rekstrarsvi\u00f0s og Katr\u00edn M. Gu\u00f0j\u00f3nsd\u00f3ttir tekur vi\u00f0 starfi framkv\u00e6mdastj\u00f3ra marka\u00f0ssvi\u00f0s. Um er a\u00f0 r\u00e6\u00f0a n\u00fd st\u00f6rf innan f\u00e9lagsins.<br>Gu\u00f0ni hefur 20 \u00e1ra reynslu af al\u00fej\u00f3\u00f0legum fj\u00e1rm\u00e1lam\u00f6rku\u00f0um og starfa\u00f0i \u00e1\u00f0ur hj\u00e1\u00a0trygginga-og\u00a0eignast\u00fdringafyrirt\u00e6kinu\u00a0Legal\u00a0&amp;\u00a0General\u00a0\u00ed Bretlandi. Gu\u00f0ni var yfirma\u00f0ur\u00a0eigna-og\u00a0skuldast\u00fdringasvi\u00f0s\u00a0AIB\u00a0og starfa\u00f0i hj\u00e1\u00a0Credid-Suisse\u00a0og\u00a0Lehman\u00a0Brothers \u00ed Lund\u00fanum.\u00a0Gu\u00f0ni er me\u00f0\u00a0MBA\u00a0gr\u00e1\u00f0u fr\u00e1\u00a0University\u00a0of\u00a0Cambridge\u00a0og BS gr\u00e1\u00f0u \u00ed hagfr\u00e6\u00f0i.<br>Katr\u00edn M. Gu\u00f0j\u00f3nsd\u00f3ttir er\u00a0vi\u00f0skipta-og\u00a0marka\u00f0sfr\u00e6\u00f0ingur me\u00f0 MBA-gr\u00e1\u00f0u fr\u00e1 H\u00e1sk\u00f3la \u00cdslands. H\u00fan hefur starfa\u00f0 sem marka\u00f0sstj\u00f3ri tveggja ol\u00eduf\u00e9laga, marka\u00f0sstj\u00f3ri\u00a0Innes\u00a0auk \u00feess a\u00f0 starfa a\u00f0 marka\u00f0sm\u00e1lum fyrir S\u00edmann. H\u00fan hefur teki\u00f0 \u00fe\u00e1tt \u00ed undirb\u00faningi Skeljungs og\u00a0N1\u00a0fyrir skr\u00e1ningu \u00ed kauph\u00f6ll.<\/p>\n\n\n\n<p><\/p>\n\n\n\n<p>Hlekkur \u00e1 fr\u00e9tt <a href=\"https:\/\/www.visir.is\/g\/2018180709883\">V\u00edsi<\/a><\/p>\n\n\n\n<p><\/p>","protected":false},"excerpt":{"rendered":"<p>Fj\u00e1rt\u00e6knifyrirt\u00e6ki\u00f0 ALVA, sem me\u00f0al annars \u00e1 og rekur Netg\u00edr\u00f3 og Aktiva, hefur r\u00e1\u00f0i\u00f0 til s\u00edn Gu\u00f0na A\u00f0alsteinsson og Katr\u00ednu M. Gu\u00f0j\u00f3nsd\u00f3ttur \u00ed st\u00f6\u00f0ur framkv\u00e6mdastj\u00f3ra hj\u00e1 fyrirt\u00e6kinu.<br \/>\nGu\u00f0ni A\u00f0alsteinsson tekur vi\u00f0 starfi framkv\u00e6mdastj\u00f3ra fj\u00e1rm\u00e1la og rekstrarsvi\u00f0s og Katr\u00edn M. Gu\u00f0j\u00f3nsd\u00f3ttir tekur vi\u00f0 starfi framkv\u00e6mdastj\u00f3ra marka\u00f0ssvi\u00f0s. Um er a\u00f0 r\u00e6\u00f0a n\u00fd st\u00f6rf innan f\u00e9lagsins.<\/p>","protected":false},"author":6,"featured_media":22769,"comment_status":"closed","ping_status":"open","sticky":false,"template":"","format":"standard","meta":{"footnotes":""},"categories":[53],"tags":[],"class_list":["post-22766","post","type-post","status-publish","format-standard","has-post-thumbnail","hentry","category-news"],"yoast_head":"<!-- This site is optimized with the Yoast SEO plugin v27.3 - https:\/\/yoast.com\/product\/yoast-seo-wordpress\/ -->\n<title>Two new managers at ALVA : ALVA Capital<\/title>\n<meta name=\"robots\" content=\"noindex, follow\" \/>\n<meta property=\"og:locale\" content=\"is_IS\" \/>\n<meta property=\"og:type\" content=\"article\" \/>\n<meta property=\"og:title\" content=\"Two new managers at ALVA : ALVA Capital\" \/>\n<meta property=\"og:description\" content=\"The financial technology company ALVA, which, among other things, owns and operates Netg\u00edr\u00f3 and Aktiva, has hired Gu\u00f0na A\u00f0alsteinsson and Katr\u00edna M. Gu\u00f0j\u00f3nsd\u00f3ttir as managing directors at the company. Gu\u00f0ni A\u00f0alsteinsson tekur vi\u00f0 starfi framkv\u00e6mdastj\u00f3ra fj\u00e1rm\u00e1la og rekstrarsvi\u00f0s og Katr\u00edn M. Gu\u00f0j\u00f3nsd\u00f3ttir tekur vi\u00f0 starfi framkv\u00e6mdastj\u00f3ra marka\u00f0ssvi\u00f0s. Um er a\u00f0 r\u00e6\u00f0a n\u00fd st\u00f6rf innan f\u00e9lagsins.\" \/>\n<meta property=\"og:url\" content=\"https:\/\/alvacapital.is\/is\/tveir-nyir-framkvaemdastjorar-hja-alva\/\" \/>\n<meta property=\"og:site_name\" content=\"ALVA Capital\" \/>\n<meta property=\"article:published_time\" content=\"2018-07-02T11:22:10+00:00\" \/>\n<meta property=\"article:modified_time\" content=\"2024-11-03T22:39:02+00:00\" \/>\n<meta property=\"og:image\" content=\"https:\/\/alvacapital.is\/wp-content\/uploads\/2024\/07\/gudni_adalsteins_og_katrin_m_gudjons-1.jpg\" \/>\n\t<meta property=\"og:image:width\" content=\"894\" \/>\n\t<meta property=\"og:image:height\" content=\"577\" \/>\n\t<meta property=\"og:image:type\" content=\"image\/jpeg\" \/>\n<meta name=\"author\" content=\"Alva\" \/>\n<meta name=\"twitter:card\" content=\"summary_large_image\" \/>\n<meta name=\"twitter:label1\" content=\"Written by\" \/>\n\t<meta name=\"twitter:data1\" content=\"Alva\" \/>\n\t<meta name=\"twitter:label2\" content=\"Est. reading time\" \/>\n\t<meta name=\"twitter:data2\" content=\"1 minute\" \/>\n<script type=\"application\/ld+json\" class=\"yoast-schema-graph\">{\"@context\":\"https:\\\/\\\/schema.org\",\"@graph\":[{\"@type\":\"Article\",\"@id\":\"https:\\\/\\\/alvacapital.is\\\/tveir-nyir-framkvaemdastjorar-hja-alva\\\/#article\",\"isPartOf\":{\"@id\":\"https:\\\/\\\/alvacapital.is\\\/tveir-nyir-framkvaemdastjorar-hja-alva\\\/\"},\"author\":{\"name\":\"Alva\",\"@id\":\"https:\\\/\\\/alvacapital.is\\\/#\\\/schema\\\/person\\\/897e2f7a4364539ad62faad5835a3ea0\"},\"headline\":\"Two new managers at ALVA\",\"datePublished\":\"2018-07-02T11:22:10+00:00\",\"dateModified\":\"2024-11-03T22:39:02+00:00\",\"mainEntityOfPage\":{\"@id\":\"https:\\\/\\\/alvacapital.is\\\/tveir-nyir-framkvaemdastjorar-hja-alva\\\/\"},\"wordCount\":169,\"publisher\":{\"@id\":\"https:\\\/\\\/alvacapital.is\\\/#organization\"},\"image\":{\"@id\":\"https:\\\/\\\/alvacapital.is\\\/tveir-nyir-framkvaemdastjorar-hja-alva\\\/#primaryimage\"},\"thumbnailUrl\":\"https:\\\/\\\/alvacapital.is\\\/wp-content\\\/uploads\\\/2024\\\/07\\\/gudni_adalsteins_og_katrin_m_gudjons-1.jpg\",\"articleSection\":[\"News\"],\"inLanguage\":\"is\"},{\"@type\":\"WebPage\",\"@id\":\"https:\\\/\\\/alvacapital.is\\\/tveir-nyir-framkvaemdastjorar-hja-alva\\\/\",\"url\":\"https:\\\/\\\/alvacapital.is\\\/tveir-nyir-framkvaemdastjorar-hja-alva\\\/\",\"name\":\"Two new managers at ALVA : ALVA Capital\",\"isPartOf\":{\"@id\":\"https:\\\/\\\/alvacapital.is\\\/#website\"},\"primaryImageOfPage\":{\"@id\":\"https:\\\/\\\/alvacapital.is\\\/tveir-nyir-framkvaemdastjorar-hja-alva\\\/#primaryimage\"},\"image\":{\"@id\":\"https:\\\/\\\/alvacapital.is\\\/tveir-nyir-framkvaemdastjorar-hja-alva\\\/#primaryimage\"},\"thumbnailUrl\":\"https:\\\/\\\/alvacapital.is\\\/wp-content\\\/uploads\\\/2024\\\/07\\\/gudni_adalsteins_og_katrin_m_gudjons-1.jpg\",\"datePublished\":\"2018-07-02T11:22:10+00:00\",\"dateModified\":\"2024-11-03T22:39:02+00:00\",\"breadcrumb\":{\"@id\":\"https:\\\/\\\/alvacapital.is\\\/tveir-nyir-framkvaemdastjorar-hja-alva\\\/#breadcrumb\"},\"inLanguage\":\"is\",\"potentialAction\":[{\"@type\":\"ReadAction\",\"target\":[\"https:\\\/\\\/alvacapital.is\\\/tveir-nyir-framkvaemdastjorar-hja-alva\\\/\"]}]},{\"@type\":\"ImageObject\",\"inLanguage\":\"is\",\"@id\":\"https:\\\/\\\/alvacapital.is\\\/tveir-nyir-framkvaemdastjorar-hja-alva\\\/#primaryimage\",\"url\":\"https:\\\/\\\/alvacapital.is\\\/wp-content\\\/uploads\\\/2024\\\/07\\\/gudni_adalsteins_og_katrin_m_gudjons-1.jpg\",\"contentUrl\":\"https:\\\/\\\/alvacapital.is\\\/wp-content\\\/uploads\\\/2024\\\/07\\\/gudni_adalsteins_og_katrin_m_gudjons-1.jpg\",\"width\":894,\"height\":577,\"caption\":\"Fj\u00e1rt\u00e6knifyrirt\u00e6ki\u00f0 ALVA, sem me\u00f0al annars \u00e1 og rekur Netg\u00edr\u00f3 og Aktiva, hefur r\u00e1\u00f0i\u00f0 til s\u00edn Gu\u00f0na A\u00f0alsteinsson og Katr\u00ednu M. Gu\u00f0j\u00f3nsd\u00f3ttur \u00ed st\u00f6\u00f0ur framkv\u00e6mdastj\u00f3ra hj\u00e1 fyrirt\u00e6kinu.\"},{\"@type\":\"BreadcrumbList\",\"@id\":\"https:\\\/\\\/alvacapital.is\\\/tveir-nyir-framkvaemdastjorar-hja-alva\\\/#breadcrumb\",\"itemListElement\":[{\"@type\":\"ListItem\",\"position\":1,\"name\":\"Home\",\"item\":\"https:\\\/\\\/alvacapital.is\\\/\"},{\"@type\":\"ListItem\",\"position\":2,\"name\":\"Two new managers at ALVA\"}]},{\"@type\":\"WebSite\",\"@id\":\"https:\\\/\\\/alvacapital.is\\\/#website\",\"url\":\"https:\\\/\\\/alvacapital.is\\\/\",\"name\":\"ALVA Capital\",\"description\":\"Vi\u00f0 fj\u00e1rfestum \u00ed fasteignum og fyrirt\u00e6kjum sem vi\u00f0 tr\u00faum \u00e1\",\"publisher\":{\"@id\":\"https:\\\/\\\/alvacapital.is\\\/#organization\"},\"potentialAction\":[{\"@type\":\"SearchAction\",\"target\":{\"@type\":\"EntryPoint\",\"urlTemplate\":\"https:\\\/\\\/alvacapital.is\\\/?s={search_term_string}\"},\"query-input\":{\"@type\":\"PropertyValueSpecification\",\"valueRequired\":true,\"valueName\":\"search_term_string\"}}],\"inLanguage\":\"is\"},{\"@type\":\"Organization\",\"@id\":\"https:\\\/\\\/alvacapital.is\\\/#organization\",\"name\":\"ALVA Capital\",\"url\":\"https:\\\/\\\/alvacapital.is\\\/\",\"logo\":{\"@type\":\"ImageObject\",\"inLanguage\":\"is\",\"@id\":\"https:\\\/\\\/alvacapital.is\\\/#\\\/schema\\\/logo\\\/image\\\/\",\"url\":\"https:\\\/\\\/alvacapital.is\\\/wp-content\\\/uploads\\\/2021\\\/10\\\/logo-1.png\",\"contentUrl\":\"https:\\\/\\\/alvacapital.is\\\/wp-content\\\/uploads\\\/2021\\\/10\\\/logo-1.png\",\"width\":269,\"height\":80,\"caption\":\"ALVA Capital\"},\"image\":{\"@id\":\"https:\\\/\\\/alvacapital.is\\\/#\\\/schema\\\/logo\\\/image\\\/\"},\"sameAs\":[\"https:\\\/\\\/www.linkedin.com\\\/company\\\/moberg-ehf\\\/about\\\/\"]},{\"@type\":\"Person\",\"@id\":\"https:\\\/\\\/alvacapital.is\\\/#\\\/schema\\\/person\\\/897e2f7a4364539ad62faad5835a3ea0\",\"name\":\"Alva\",\"image\":{\"@type\":\"ImageObject\",\"inLanguage\":\"is\",\"@id\":\"https:\\\/\\\/secure.gravatar.com\\\/avatar\\\/e269475df269eb5cc62a406d4b3ef4e1738f95fa1e38b330190c9c722324b091?s=96&d=mm&r=g\",\"url\":\"https:\\\/\\\/secure.gravatar.com\\\/avatar\\\/e269475df269eb5cc62a406d4b3ef4e1738f95fa1e38b330190c9c722324b091?s=96&d=mm&r=g\",\"contentUrl\":\"https:\\\/\\\/secure.gravatar.com\\\/avatar\\\/e269475df269eb5cc62a406d4b3ef4e1738f95fa1e38b330190c9c722324b091?s=96&d=mm&r=g\",\"caption\":\"Alva\"}}]}<\/script>\n<!-- \/ Yoast SEO plugin. -->","yoast_head_json":{"title":"Two new managers at ALVA : ALVA Capital","robots":{"index":"noindex","follow":"follow"},"og_locale":"is_IS","og_type":"article","og_title":"Two new managers at ALVA : ALVA Capital","og_description":"The financial technology company ALVA, which, among other things, owns and operates Netg\u00edr\u00f3 and Aktiva, has hired Gu\u00f0na A\u00f0alsteinsson and Katr\u00edna M. Gu\u00f0j\u00f3nsd\u00f3ttir as managing directors at the company. Gu\u00f0ni A\u00f0alsteinsson tekur vi\u00f0 starfi framkv\u00e6mdastj\u00f3ra fj\u00e1rm\u00e1la og rekstrarsvi\u00f0s og Katr\u00edn M. Gu\u00f0j\u00f3nsd\u00f3ttir tekur vi\u00f0 starfi framkv\u00e6mdastj\u00f3ra marka\u00f0ssvi\u00f0s. Um er a\u00f0 r\u00e6\u00f0a n\u00fd st\u00f6rf innan f\u00e9lagsins.","og_url":"https:\/\/alvacapital.is\/is\/tveir-nyir-framkvaemdastjorar-hja-alva\/","og_site_name":"ALVA Capital","article_published_time":"2018-07-02T11:22:10+00:00","article_modified_time":"2024-11-03T22:39:02+00:00","og_image":[{"width":894,"height":577,"url":"https:\/\/alvacapital.is\/wp-content\/uploads\/2024\/07\/gudni_adalsteins_og_katrin_m_gudjons-1.jpg","type":"image\/jpeg"}],"author":"Alva","twitter_card":"summary_large_image","twitter_misc":{"Written by":"Alva","Est. reading time":"1 minute"},"schema":{"@context":"https:\/\/schema.org","@graph":[{"@type":"Article","@id":"https:\/\/alvacapital.is\/tveir-nyir-framkvaemdastjorar-hja-alva\/#article","isPartOf":{"@id":"https:\/\/alvacapital.is\/tveir-nyir-framkvaemdastjorar-hja-alva\/"},"author":{"name":"Alva","@id":"https:\/\/alvacapital.is\/#\/schema\/person\/897e2f7a4364539ad62faad5835a3ea0"},"headline":"Two new managers at ALVA","datePublished":"2018-07-02T11:22:10+00:00","dateModified":"2024-11-03T22:39:02+00:00","mainEntityOfPage":{"@id":"https:\/\/alvacapital.is\/tveir-nyir-framkvaemdastjorar-hja-alva\/"},"wordCount":169,"publisher":{"@id":"https:\/\/alvacapital.is\/#organization"},"image":{"@id":"https:\/\/alvacapital.is\/tveir-nyir-framkvaemdastjorar-hja-alva\/#primaryimage"},"thumbnailUrl":"https:\/\/alvacapital.is\/wp-content\/uploads\/2024\/07\/gudni_adalsteins_og_katrin_m_gudjons-1.jpg","articleSection":["News"],"inLanguage":"is"},{"@type":"WebPage","@id":"https:\/\/alvacapital.is\/tveir-nyir-framkvaemdastjorar-hja-alva\/","url":"https:\/\/alvacapital.is\/tveir-nyir-framkvaemdastjorar-hja-alva\/","name":"Two new managers at ALVA : ALVA Capital","isPartOf":{"@id":"https:\/\/alvacapital.is\/#website"},"primaryImageOfPage":{"@id":"https:\/\/alvacapital.is\/tveir-nyir-framkvaemdastjorar-hja-alva\/#primaryimage"},"image":{"@id":"https:\/\/alvacapital.is\/tveir-nyir-framkvaemdastjorar-hja-alva\/#primaryimage"},"thumbnailUrl":"https:\/\/alvacapital.is\/wp-content\/uploads\/2024\/07\/gudni_adalsteins_og_katrin_m_gudjons-1.jpg","datePublished":"2018-07-02T11:22:10+00:00","dateModified":"2024-11-03T22:39:02+00:00","breadcrumb":{"@id":"https:\/\/alvacapital.is\/tveir-nyir-framkvaemdastjorar-hja-alva\/#breadcrumb"},"inLanguage":"is","potentialAction":[{"@type":"ReadAction","target":["https:\/\/alvacapital.is\/tveir-nyir-framkvaemdastjorar-hja-alva\/"]}]},{"@type":"ImageObject","inLanguage":"is","@id":"https:\/\/alvacapital.is\/tveir-nyir-framkvaemdastjorar-hja-alva\/#primaryimage","url":"https:\/\/alvacapital.is\/wp-content\/uploads\/2024\/07\/gudni_adalsteins_og_katrin_m_gudjons-1.jpg","contentUrl":"https:\/\/alvacapital.is\/wp-content\/uploads\/2024\/07\/gudni_adalsteins_og_katrin_m_gudjons-1.jpg","width":894,"height":577,"caption":"Fj\u00e1rt\u00e6knifyrirt\u00e6ki\u00f0 ALVA, sem me\u00f0al annars \u00e1 og rekur Netg\u00edr\u00f3 og Aktiva, hefur r\u00e1\u00f0i\u00f0 til s\u00edn Gu\u00f0na A\u00f0alsteinsson og Katr\u00ednu M. Gu\u00f0j\u00f3nsd\u00f3ttur \u00ed st\u00f6\u00f0ur framkv\u00e6mdastj\u00f3ra hj\u00e1 fyrirt\u00e6kinu."},{"@type":"BreadcrumbList","@id":"https:\/\/alvacapital.is\/tveir-nyir-framkvaemdastjorar-hja-alva\/#breadcrumb","itemListElement":[{"@type":"ListItem","position":1,"name":"Home","item":"https:\/\/alvacapital.is\/"},{"@type":"ListItem","position":2,"name":"Two new managers at ALVA"}]},{"@type":"WebSite","@id":"https:\/\/alvacapital.is\/#website","url":"https:\/\/alvacapital.is\/","name":"ALVA Capital","description":"Vi\u00f0 fj\u00e1rfestum \u00ed fasteignum og fyrirt\u00e6kjum sem vi\u00f0 tr\u00faum \u00e1","publisher":{"@id":"https:\/\/alvacapital.is\/#organization"},"potentialAction":[{"@type":"SearchAction","target":{"@type":"EntryPoint","urlTemplate":"https:\/\/alvacapital.is\/?s={search_term_string}"},"query-input":{"@type":"PropertyValueSpecification","valueRequired":true,"valueName":"search_term_string"}}],"inLanguage":"is"},{"@type":"Organization","@id":"https:\/\/alvacapital.is\/#organization","name":"ALVA Capital","url":"https:\/\/alvacapital.is\/","logo":{"@type":"ImageObject","inLanguage":"is","@id":"https:\/\/alvacapital.is\/#\/schema\/logo\/image\/","url":"https:\/\/alvacapital.is\/wp-content\/uploads\/2021\/10\/logo-1.png","contentUrl":"https:\/\/alvacapital.is\/wp-content\/uploads\/2021\/10\/logo-1.png","width":269,"height":80,"caption":"ALVA Capital"},"image":{"@id":"https:\/\/alvacapital.is\/#\/schema\/logo\/image\/"},"sameAs":["https:\/\/www.linkedin.com\/company\/moberg-ehf\/about\/"]},{"@type":"Person","@id":"https:\/\/alvacapital.is\/#\/schema\/person\/897e2f7a4364539ad62faad5835a3ea0","name":"Alva","image":{"@type":"ImageObject","inLanguage":"is","@id":"https:\/\/secure.gravatar.com\/avatar\/e269475df269eb5cc62a406d4b3ef4e1738f95fa1e38b330190c9c722324b091?s=96&d=mm&r=g","url":"https:\/\/secure.gravatar.com\/avatar\/e269475df269eb5cc62a406d4b3ef4e1738f95fa1e38b330190c9c722324b091?s=96&d=mm&r=g","contentUrl":"https:\/\/secure.gravatar.com\/avatar\/e269475df269eb5cc62a406d4b3ef4e1738f95fa1e38b330190c9c722324b091?s=96&d=mm&r=g","caption":"Alva"}}]}},"_links":{"self":[{"href":"https:\/\/alvacapital.is\/is\/wp-json\/wp\/v2\/posts\/22766","targetHints":{"allow":["GET"]}}],"collection":[{"href":"https:\/\/alvacapital.is\/is\/wp-json\/wp\/v2\/posts"}],"about":[{"href":"https:\/\/alvacapital.is\/is\/wp-json\/wp\/v2\/types\/post"}],"author":[{"embeddable":true,"href":"https:\/\/alvacapital.is\/is\/wp-json\/wp\/v2\/users\/6"}],"replies":[{"embeddable":true,"href":"https:\/\/alvacapital.is\/is\/wp-json\/wp\/v2\/comments?post=22766"}],"version-history":[{"count":9,"href":"https:\/\/alvacapital.is\/is\/wp-json\/wp\/v2\/posts\/22766\/revisions"}],"predecessor-version":[{"id":26177,"href":"https:\/\/alvacapital.is\/is\/wp-json\/wp\/v2\/posts\/22766\/revisions\/26177"}],"wp:featuredmedia":[{"embeddable":true,"href":"https:\/\/alvacapital.is\/is\/wp-json\/wp\/v2\/media\/22769"}],"wp:attachment":[{"href":"https:\/\/alvacapital.is\/is\/wp-json\/wp\/v2\/media?parent=22766"}],"wp:term":[{"taxonomy":"category","embeddable":true,"href":"https:\/\/alvacapital.is\/is\/wp-json\/wp\/v2\/categories?post=22766"},{"taxonomy":"post_tag","embeddable":true,"href":"https:\/\/alvacapital.is\/is\/wp-json\/wp\/v2\/tags?post=22766"}],"curies":[{"name":"wp","href":"https:\/\/api.w.org\/{rel}","templated":true}]}}